{"id":8592,"date":"2017-02-01T15:49:15","date_gmt":"2017-02-01T14:49:15","guid":{"rendered":"http:\/\/www.komornik.pl\/?p=8592"},"modified":"2017-02-01T15:55:20","modified_gmt":"2017-02-01T14:55:20","slug":"zaproszenie-na-konferencje-w-siedzibie-nsa-pt-wspolczesne-tendencje-rozwojowe-teorii-i-filozofii-prawa","status":"publish","type":"post","link":"https:\/\/www.komornik.pl\/?p=8592","title":{"rendered":"Zaproszenie na konferencj\u0119 w siedzibie NSA pt. \u201eWsp\u00f3\u0142czesne tendencje rozwojowe teorii i filozofii prawa\u201d"},"content":{"rendered":"<p style=\"margin: 0cm 0cm 0.0001pt; line-height: 150%; text-align: justify;\" align=\"center\"><span style=\"color: #000000;\">Szanowni Pa\u0144stwo, poni\u017cej zamieszczamy zaproszenie na organizowan\u0105 przez Naczelny S\u0105d Administracyjny,\u00a0Fundacj\u0119 <em>Ubi societas, ibi ius<\/em>, Katedr\u0119 Teorii i Filozofii Prawa Wydzia\u0142u Prawa i\u00a0Administracji Uniwersytetu \u0141\u00f3dzkiego oraz Uczelni\u0119 \u0141azarskiego konferencj\u0119 pt. &#8222;Wsp\u00f3\u0142czesne tendencje rozwojowe teorii i filozofii prawa&#8221;, kt\u00f3ra odb\u0119dzie si\u0119 2 marca 2017 r. w siedzibie Naczelnego S\u0105du Administracyjnego w Warszawie.\u00a0<\/span><\/p>\n<p style=\"margin: 0cm 0cm 0.0001pt; line-height: 150%; text-align: justify;\" align=\"center\"><span style=\"color: #000000;\">Z uwagi na ograniczon\u0105 ilo\u015b\u0107 miejsc o udziale w Konferencji decyduje kolejno\u015b\u0107 zaksi\u0119gowania op\u0142aty konferencyjnej, kt\u00f3ra wynosi\u00a0282,90 z\u0142.<\/span><\/p>\n<p style=\"margin: 0cm 0cm 0.0001pt; line-height: 150%; text-align: justify;\" align=\"center\"><span style=\"color: #000000;\">Szczeg\u00f3\u0142owe informacje dotycz\u0105ce konferencji dost\u0119pne s\u0105 na stronie:\u00a0<span style=\"font-size: 14.0pt; line-height: 115%;\"><span style=\"font-size: 12.0pt; line-height: 115%;\"><a style=\"color: #000000;\" href=\"http:\/\/www.konferencje.tamprawo.org\/\" target=\"_blank\" rel=\"noopener\">www.konferencje.tamprawo.org<\/a>.\u00a0<\/span><\/span><\/span><\/p>\n<p style=\"margin: 0cm 0cm 0.0001pt; line-height: 150%; text-align: justify;\" align=\"center\"><span style=\"color: #000000;\">Kontakt z organizatorami: Jerzy Strze\u017cek (<span style=\"background: white;\"><a style=\"color: #000000;\" href=\"mailto:konferencje@tamprawo.org\">konferencje@tamprawo.org<\/a><\/span> <span style=\"background: white;\">telefon: 519-589-070<\/span>); Tomasz Bekrycht (<a style=\"color: #000000;\" href=\"mailto:tomaszbekrycht@wpia.uni.lodz.pl\">tomaszbekrycht@wpia.uni.lodz.pl<\/a>; 505-072-722).<\/span><\/p>\n<p style=\"margin: 0cm 0cm 0.0001pt; line-height: 150%; text-align: justify;\" align=\"center\"><span style=\"color: #000000;\">Formularz zg\u0142oszeniowy dost\u0119pny jest na stronie\u00a0<span style=\"font-size: 14.0pt; line-height: 115%;\"><a style=\"color: #000000;\" href=\"http:\/\/www.konferencje.tamprawo.org\/\" target=\"_blank\" rel=\"noopener\"><span style=\"font-size: 12.0pt; line-height: 115%;\">www.konferencje.tamprawo.org<\/span><\/a><\/span> (zak\u0142adka Formularz zg\u0142oszeniowy).<\/span><\/p>\n<p style=\"margin: 0cm 0cm 0.0001pt; line-height: 150%; text-align: justify;\" align=\"center\"><span style=\"color: #000000;\">Materia\u0142y konferencyjne dla uczestnika: artyku\u0142y biurowe potrzebne do pracy podczas konferencji, jeden egzemplarz WEP (t. VII \u201eTeoria i filozofia prawa\u201d).<\/span><\/p>\n<p style=\"margin: 0cm; margin-bottom: .0001pt; text-align: justify; line-height: 115%;\"><span style=\"color: #000000;\"><strong><a style=\"color: #000000;\" href=\"https:\/\/komornik.pl\/wp-content\/uploads\/2017\/02\/Konferencja-w-NSA.doc\" target=\"_blank\" rel=\"noopener\">Konferencja w NSA<\/a><\/strong><\/span><\/p>\n","protected":false},"excerpt":{"rendered":"<p>Szanowni Pa\u0144stwo, poni\u017cej zamieszczamy zaproszenie na organizowan\u0105 przez Naczelny S\u0105d Administracyjny,\u00a0Fundacj\u0119 Ubi societas, ibi ius, Katedr\u0119 Teorii i Filozofii Prawa Wydzia\u0142u Prawa i\u00a0Administracji Uniwersytetu&#8230;<\/p>\n","protected":false},"author":23,"featured_media":0,"comment_status":"closed","ping_status":"closed","sticky":false,"template":"","format":"standard","meta":{"_acf_changed":false,"footnotes":""},"categories":[1],"tags":[],"class_list":["post-8592","post","type-post","status-publish","format-standard","hentry","category-bez-kategorii"],"acf":[],"_links":{"self":[{"href":"https:\/\/www.komornik.pl\/index.php?rest_route=\/wp\/v2\/posts\/8592","targetHints":{"allow":["GET"]}}],"collection":[{"href":"https:\/\/www.komornik.pl\/index.php?rest_route=\/wp\/v2\/posts"}],"about":[{"href":"https:\/\/www.komornik.pl\/index.php?rest_route=\/wp\/v2\/types\/post"}],"author":[{"embeddable":true,"href":"https:\/\/www.komornik.pl\/index.php?rest_route=\/wp\/v2\/users\/23"}],"replies":[{"embeddable":true,"href":"https:\/\/www.komornik.pl\/index.php?rest_route=%2Fwp%2Fv2%2Fcomments&post=8592"}],"version-history":[{"count":0,"href":"https:\/\/www.komornik.pl\/index.php?rest_route=\/wp\/v2\/posts\/8592\/revisions"}],"wp:attachment":[{"href":"https:\/\/www.komornik.pl\/index.php?rest_route=%2Fwp%2Fv2%2Fmedia&parent=8592"}],"wp:term":[{"taxonomy":"category","embeddable":true,"href":"https:\/\/www.komornik.pl\/index.php?rest_route=%2Fwp%2Fv2%2Fcategories&post=8592"},{"taxonomy":"post_tag","embeddable":true,"href":"https:\/\/www.komornik.pl\/index.php?rest_route=%2Fwp%2Fv2%2Ftags&post=8592"}],"curies":[{"name":"wp","href":"https:\/\/api.w.org\/{rel}","templated":true}]}}