{"id":8574,"date":"2017-01-26T11:39:52","date_gmt":"2017-01-26T10:39:52","guid":{"rendered":"http:\/\/www.komornik.pl\/?p=8574"},"modified":"2017-01-26T11:46:48","modified_gmt":"2017-01-26T10:46:48","slug":"zaproszenie-na-konferencje-naukowa-nt-prawa-konstytucyjnego","status":"publish","type":"post","link":"https:\/\/www.komornik.pl\/?p=8574","title":{"rendered":"Konferencja: S\u0119dzia a Konstytucja"},"content":{"rendered":"<p>Serdecznie zapraszamy do udzia\u0142u w konferencji pt. \u201eKryzys s\u0105downictwa konstytucyjnego a rozproszona kontrola zgodno\u015bci prawa z Konstytucj\u0105 RP\u201d, kt\u00f3ra odb\u0119dzie si\u0119 3 marca br. w siedzibie Wydzia\u0142u Prawa i Administracji Uniwersytetu \u015al\u0105skiego w Katowicach.\u00a0 Jest ona adresowana do s\u0119dzi\u00f3w, adwokat\u00f3w, radc\u00f3w prawnych, oraz przedstawicieli innych profesji prawniczych. Prelegenci, w\u015br\u00f3d kt\u00f3rych znajduj\u0105 si\u0119 wybitni polscy prawnicy wyg\u0142osz\u0105 referaty stanowi\u0105ce wprowadzenie do dyskusji.<\/p>\n<p>W\u015br\u00f3d organizator\u00f3w konferencji znajduj\u0105 si\u0119: Wydzia\u0142 Prawa i Administracji Uniwersytetu \u015al\u0105skiego, Stowarzyszenie S\u0119dzi\u00f3w Polskich \u201eIustitia\u201d, Krajowa Rada S\u0105downictwa, Naczelna Rada Adwokacka, Krajowa Rada Radc\u00f3w Prawnych, Rzecznik Praw Obywatelskich, Polska Akademia Umiej\u0119tno\u015bci \u2013 stacja naukowa w Katowicach, za\u015b patronat nad wydarzeniem obj\u0119li: I Prezes S\u0105du Najwy\u017cszego oraz\u00a0 Prezes Naczelnego S\u0105du Administracyjnego. Udzia\u0142 w konferencji jest bezp\u0142atny, wymaga jednak rejestracji.<\/p>\n<p>Poni\u017cej, program konferencji oraz informacje organizacyjne, w tym formularz zg\u0142oszeniowy.<\/p>\n<p>Wszelkie pytania organizacyjne nale\u017cy kierowa\u0107 do dr hab. adw. Jacka Barcika (email: <a href=\"mailto:sedziowie.konferencja@gmail.com\">sedziowie.konferencja@gmail.com<\/a>; tel.:\u00a0503632118), kt\u00f3ry z ramienia Wydzia\u0142u Prawa i Administracji U\u015a koordynuje prace przygotowawcze zwi\u0105zane z konferencj\u0105.<\/p>\n<p><a href=\"https:\/\/komornik.pl\/wp-content\/uploads\/2017\/01\/1.-Zaproszenie.jpg\" target=\"_blank\" rel=\"noopener\"><img loading=\"lazy\" decoding=\"async\" class=\"alignleft size-thumbnail wp-image-8575\" src=\"https:\/\/komornik.pl\/wp-content\/uploads\/2017\/01\/1.-Zaproszenie-150x150.jpg\" alt=\"1. Zaproszenie\" width=\"150\" height=\"150\" \/><\/a> <a href=\"https:\/\/komornik.pl\/wp-content\/uploads\/2017\/01\/2.-Informacje-organizacyjne.jpg\" target=\"_blank\" rel=\"noopener\"><img loading=\"lazy\" decoding=\"async\" class=\"alignleft size-thumbnail wp-image-8576\" src=\"https:\/\/komornik.pl\/wp-content\/uploads\/2017\/01\/2.-Informacje-organizacyjne-150x150.jpg\" alt=\"2. Informacje organizacyjne\" width=\"150\" height=\"150\" \/><\/a> <a href=\"https:\/\/komornik.pl\/wp-content\/uploads\/2017\/01\/3.-Program-konferencji-s.2.jpg\" target=\"_blank\" rel=\"noopener\"><img loading=\"lazy\" decoding=\"async\" class=\"alignleft size-thumbnail wp-image-8577\" src=\"https:\/\/komornik.pl\/wp-content\/uploads\/2017\/01\/3.-Program-konferencji-s.2-150x150.jpg\" alt=\"3. Program konferencji, s.2\" width=\"150\" height=\"150\" \/><\/a> <a href=\"https:\/\/komornik.pl\/wp-content\/uploads\/2017\/01\/4.-Program-konferencji-s1.jpg\" target=\"_blank\" rel=\"noopener\"><img loading=\"lazy\" decoding=\"async\" class=\"alignleft size-thumbnail wp-image-8578\" src=\"https:\/\/komornik.pl\/wp-content\/uploads\/2017\/01\/4.-Program-konferencji-s1-150x150.jpg\" alt=\"4. Program konferencji, s1\" width=\"150\" height=\"150\" \/><\/a><a href=\"https:\/\/komornik.pl\/wp-content\/uploads\/2017\/01\/Za\u0142\u0105cznik-bez-tytu\u0142u-00228.doc\" target=\"_blank\" rel=\"noopener\">Formularz Zg\u0142oszeniowy\u00a0<\/a><\/p>\n<p>&nbsp;<\/p>\n","protected":false},"excerpt":{"rendered":"<p>Serdecznie zapraszamy do udzia\u0142u w konferencji pt. \u201eKryzys s\u0105downictwa konstytucyjnego a rozproszona kontrola zgodno\u015bci prawa z Konstytucj\u0105 RP\u201d, kt\u00f3ra odb\u0119dzie si\u0119 3 marca br&#8230;.<\/p>\n","protected":false},"author":23,"featured_media":0,"comment_status":"closed","ping_status":"closed","sticky":false,"template":"","format":"standard","meta":{"_acf_changed":false,"footnotes":""},"categories":[1],"tags":[],"class_list":["post-8574","post","type-post","status-publish","format-standard","hentry","category-bez-kategorii"],"acf":[],"_links":{"self":[{"href":"https:\/\/www.komornik.pl\/index.php?rest_route=\/wp\/v2\/posts\/8574","targetHints":{"allow":["GET"]}}],"collection":[{"href":"https:\/\/www.komornik.pl\/index.php?rest_route=\/wp\/v2\/posts"}],"about":[{"href":"https:\/\/www.komornik.pl\/index.php?rest_route=\/wp\/v2\/types\/post"}],"author":[{"embeddable":true,"href":"https:\/\/www.komornik.pl\/index.php?rest_route=\/wp\/v2\/users\/23"}],"replies":[{"embeddable":true,"href":"https:\/\/www.komornik.pl\/index.php?rest_route=%2Fwp%2Fv2%2Fcomments&post=8574"}],"version-history":[{"count":0,"href":"https:\/\/www.komornik.pl\/index.php?rest_route=\/wp\/v2\/posts\/8574\/revisions"}],"wp:attachment":[{"href":"https:\/\/www.komornik.pl\/index.php?rest_route=%2Fwp%2Fv2%2Fmedia&parent=8574"}],"wp:term":[{"taxonomy":"category","embeddable":true,"href":"https:\/\/www.komornik.pl\/index.php?rest_route=%2Fwp%2Fv2%2Fcategories&post=8574"},{"taxonomy":"post_tag","embeddable":true,"href":"https:\/\/www.komornik.pl\/index.php?rest_route=%2Fwp%2Fv2%2Ftags&post=8574"}],"curies":[{"name":"wp","href":"https:\/\/api.w.org\/{rel}","templated":true}]}}