{"id":8244,"date":"2016-12-04T15:56:49","date_gmt":"2016-12-04T14:56:49","guid":{"rendered":"http:\/\/www.komornik.pl\/?p=8244"},"modified":"2016-12-04T16:05:50","modified_gmt":"2016-12-04T15:05:50","slug":"komornicy-w-walce-z-przemoca-ekonomiczna","status":"publish","type":"post","link":"https:\/\/www.komornik.pl\/?p=8244","title":{"rendered":"Komornicy w walce z przemoc\u0105 ekonomiczn\u0105!"},"content":{"rendered":"<p><strong>Krajowa Rada Komornicza we wsp\u00f3\u0142pracy z izbami komorniczymi aktywnie anga\u017cuje si\u0119 w\u00a0Mi\u0119dzynarodow\u0105 kampani\u0119 \u201e16 Dni Akcji Przeciwko Przemocy ze wzgl\u0119du na P\u0142e\u0107\u201d. <\/strong><\/p>\n<p><strong>7 grudnia br. w wybranych siedzibach izb i kancelarii komorniczych w ca\u0142ej Polsce zorganizowane zostan\u0105 dy\u017cury. Specjali\u015bci udziela\u0107 b\u0119d\u0105 bezp\u0142atnych informacji w ramach walki z przemoc\u0105 ekonomiczn\u0105, kt\u00f3ra polega mi\u0119dzy innymi na niep\u0142aceniu aliment\u00f3w. Akcja skierowana jest g\u0142\u00f3wnie do kobiet, a\u00a0jej celem jest u\u015bwiadomienie mo\u017cliwo\u015bci egzekwowania nale\u017cnych im \u015brodk\u00f3w finansowych. Z\u00a0bada\u0144 przeprowadzonych na zlecenie Ministerstwa Pracy i Polityki Spo\u0142ecznej wynika, \u017ce w 2010 roku kobiety stanowi\u0142y 70% ofiar przemocy ekonomicznej, a jej sprawcami w 68% byli m\u0119\u017cczy\u017ani. Natomiast w 2014 roku odsetek os\u00f3b, kt\u00f3re do\u015bwiadczy\u0142y w swoim \u017cyciu przemocy ekonomicznej wynosi\u0142 4,3% (w 2010 roku \u2013 8,8%). Jednocze\u015bnie, stosowanie przemocy ekonomicznej deklarowa\u0142o 4,2% m\u0119\u017cczyzn, a w 2010 roku \u2013 5,6%. <\/strong><\/p>\n<p>Bezp\u0142atne porady b\u0119d\u0105 udzielane wszystkim ch\u0119tnym w wybranych kancelariach komorniczych w\u00a0ca\u0142ej Polsce. Ka\u017cda osoba, kt\u00f3ra jest zainteresowana uzyskaniem praktycznych informacji b\u0119dzie mog\u0142a r\u00f3wnie\u017c zadzwoni\u0107 na infolini\u0119 i\u00a0skonsultowa\u0107 swoj\u0105 spraw\u0119 ze specjalist\u0105. <strong>Nr infolinii &#8211; (22) 299 87 77.<\/strong><\/p>\n<p><a href=\"https:\/\/komornik.pl\/wp-content\/uploads\/2016\/12\/16-Dni-DY\u017bUR.pdf\" target=\"_blank\" rel=\"noopener\">Punkty informacji<\/a><\/p>\n","protected":false},"excerpt":{"rendered":"<p>Krajowa Rada Komornicza we wsp\u00f3\u0142pracy z izbami komorniczymi aktywnie anga\u017cuje si\u0119 w\u00a0Mi\u0119dzynarodow\u0105 kampani\u0119 \u201e16 Dni Akcji Przeciwko Przemocy ze wzgl\u0119du na P\u0142e\u0107\u201d. 7 grudnia&#8230;<\/p>\n","protected":false},"author":1940,"featured_media":0,"comment_status":"closed","ping_status":"closed","sticky":false,"template":"","format":"standard","meta":{"_acf_changed":false,"footnotes":""},"categories":[3,9,4],"tags":[],"class_list":["post-8244","post","type-post","status-publish","format-standard","hentry","category-aktualnosci","category-slider-gorny","category-z-krk"],"acf":[],"_links":{"self":[{"href":"https:\/\/www.komornik.pl\/index.php?rest_route=\/wp\/v2\/posts\/8244","targetHints":{"allow":["GET"]}}],"collection":[{"href":"https:\/\/www.komornik.pl\/index.php?rest_route=\/wp\/v2\/posts"}],"about":[{"href":"https:\/\/www.komornik.pl\/index.php?rest_route=\/wp\/v2\/types\/post"}],"author":[{"embeddable":true,"href":"https:\/\/www.komornik.pl\/index.php?rest_route=\/wp\/v2\/users\/1940"}],"replies":[{"embeddable":true,"href":"https:\/\/www.komornik.pl\/index.php?rest_route=%2Fwp%2Fv2%2Fcomments&post=8244"}],"version-history":[{"count":0,"href":"https:\/\/www.komornik.pl\/index.php?rest_route=\/wp\/v2\/posts\/8244\/revisions"}],"wp:attachment":[{"href":"https:\/\/www.komornik.pl\/index.php?rest_route=%2Fwp%2Fv2%2Fmedia&parent=8244"}],"wp:term":[{"taxonomy":"category","embeddable":true,"href":"https:\/\/www.komornik.pl\/index.php?rest_route=%2Fwp%2Fv2%2Fcategories&post=8244"},{"taxonomy":"post_tag","embeddable":true,"href":"https:\/\/www.komornik.pl\/index.php?rest_route=%2Fwp%2Fv2%2Ftags&post=8244"}],"curies":[{"name":"wp","href":"https:\/\/api.w.org\/{rel}","templated":true}]}}