{"id":8232,"date":"2016-12-02T11:56:02","date_gmt":"2016-12-02T10:56:02","guid":{"rendered":"http:\/\/www.komornik.pl\/?p=8232"},"modified":"2016-12-02T18:35:16","modified_gmt":"2016-12-02T17:35:16","slug":"kondolencje-9","status":"publish","type":"post","link":"https:\/\/www.komornik.pl\/?p=8232","title":{"rendered":"Kondolencje"},"content":{"rendered":"<p>Krajowa Rada Komornicza z g\u0142\u0119bokim \u017calem zawiadamia,<\/p>\n<p>\u017ce w dniu 02 grudnia\u00a02016 r. zmar\u0142a nasza Kole\u017canka<\/p>\n<p>Alicja Duda \u2013 emerytowany komornik s\u0105dowy i dzia\u0142acz samorz\u0105du komorniczego.<\/p>\n<p>Rodzinie i najbli\u017cszym sk\u0142adamy wyrazy g\u0142\u0119bokiego wsp\u00f3\u0142czucia. Cze\u015b\u0107 Jej Pami\u0119ci.<\/p>\n<p>&nbsp;<\/p>\n<p>Uroczysto\u015bci pogrzebowe odb\u0119d\u0105 si\u0119 w \u015brod\u0119 07 grudnia 2016 r. o godz. 12:00 po\u017cegnanie w Kaplicy,<\/p>\n<p>o godz. 12:30 pogrzeb na Cmentarzu Gda\u0144sk &#8211; \u0141ostowice.<\/p>\n","protected":false},"excerpt":{"rendered":"<p>Krajowa Rada Komornicza z g\u0142\u0119bokim \u017calem zawiadamia, \u017ce w dniu 02 grudnia\u00a02016 r. zmar\u0142a nasza Kole\u017canka Alicja Duda \u2013 emerytowany komornik s\u0105dowy i dzia\u0142acz&#8230;<\/p>\n","protected":false},"author":23,"featured_media":0,"comment_status":"closed","ping_status":"closed","sticky":false,"template":"","format":"standard","meta":{"_acf_changed":false,"footnotes":""},"categories":[3,4],"tags":[],"class_list":["post-8232","post","type-post","status-publish","format-standard","hentry","category-aktualnosci","category-z-krk"],"acf":[],"_links":{"self":[{"href":"https:\/\/www.komornik.pl\/index.php?rest_route=\/wp\/v2\/posts\/8232","targetHints":{"allow":["GET"]}}],"collection":[{"href":"https:\/\/www.komornik.pl\/index.php?rest_route=\/wp\/v2\/posts"}],"about":[{"href":"https:\/\/www.komornik.pl\/index.php?rest_route=\/wp\/v2\/types\/post"}],"author":[{"embeddable":true,"href":"https:\/\/www.komornik.pl\/index.php?rest_route=\/wp\/v2\/users\/23"}],"replies":[{"embeddable":true,"href":"https:\/\/www.komornik.pl\/index.php?rest_route=%2Fwp%2Fv2%2Fcomments&post=8232"}],"version-history":[{"count":0,"href":"https:\/\/www.komornik.pl\/index.php?rest_route=\/wp\/v2\/posts\/8232\/revisions"}],"wp:attachment":[{"href":"https:\/\/www.komornik.pl\/index.php?rest_route=%2Fwp%2Fv2%2Fmedia&parent=8232"}],"wp:term":[{"taxonomy":"category","embeddable":true,"href":"https:\/\/www.komornik.pl\/index.php?rest_route=%2Fwp%2Fv2%2Fcategories&post=8232"},{"taxonomy":"post_tag","embeddable":true,"href":"https:\/\/www.komornik.pl\/index.php?rest_route=%2Fwp%2Fv2%2Ftags&post=8232"}],"curies":[{"name":"wp","href":"https:\/\/api.w.org\/{rel}","templated":true}]}}