{"id":5916,"date":"2016-05-16T12:15:03","date_gmt":"2016-05-16T10:15:03","guid":{"rendered":"http:\/\/www.komornik.pl\/?p=5916"},"modified":"2016-05-16T12:19:49","modified_gmt":"2016-05-16T10:19:49","slug":"13-edycja-swieta-prawnikow","status":"publish","type":"post","link":"https:\/\/www.komornik.pl\/?p=5916","title":{"rendered":"13. edycja \u015awi\u0119ta Prawnik\u00f3w"},"content":{"rendered":"<p>W Krakowie 19 maja 2016 r. odb\u0119dzie si\u0119 13. edycja \u015awi\u0119ta Prawnik\u00f3w. Na swoim dorocznym spotkaniu teoretycy i praktycy prawa wezm\u0105 udzia\u0142 w seminarium naukowym po\u015bwi\u0119conym funkcji i historii Trybuna\u0142u Konstytucyjnego oraz om\u00f3wi\u0105 sposoby rozwi\u0105zania trwaj\u0105cego kryzysu wok\u00f3\u0142 TK. W ramach \u015awi\u0119ta odb\u0119dzie si\u0119 r\u00f3wnie\u017c tradycyjna procesja w togach oraz uroczysta Msza \u015awi\u0119ta w ko\u015bciele akademickim \u015bw. Anny w Krakowie.<\/p>\n<p>Podczas tegorocznej edycji \u015awi\u0119ta Prawnik\u00f3w, imprezy ju\u017c po raz 13. odbywaj\u0105cej si\u0119 w Krakowie, uczestnicy wezm\u0105 udzia\u0142 w seminarium naukowym zatytu\u0142owanym &#8222;Jaki Trybuna\u0142?&#8221;, kt\u00f3re rozpocznie si\u0119 o godzinie 17.00 w Auli Jagiello\u0144skiej Collegium Maius Uniwersytetu Jagiello\u0144skiego. Dyskusja podczas seminarium b\u0119dzie po\u015bwi\u0119cona prawnej analizie historii i funkcji s\u0105d\u00f3w konstytucyjnych w krajach europejskich oraz trwaj\u0105cemu kryzysowi wok\u00f3\u0142 polskiego Trybuna\u0142u Konstytucyjnego. Podczas seminarium przedstawione i przedyskutowane zostan\u0105 r\u00f3wnie\u017c propozycje reform TK, kt\u00f3re w zamierzeniu maj\u0105 stanowi\u0107 rozwi\u0105zanie kompromisowe i zako\u0144czy\u0107 przed\u0142u\u017caj\u0105cy si\u0119 impas. Ekspertami, kt\u00f3rzy wyg\u0142osz\u0105 podczas seminarium swoje tezy, b\u0119d\u0105: \uf0b7 prof. dr hab. Miros\u0142aw Granat &#8211; s\u0119dzia TK w stanie spoczynku \uf0b7 prof. dr hab. Andrzej Dziadzio \uf0b7 dr Arkadiusz Radwan &#8211; Instytu Allerhanda (prezes, moderator seminarium) \uf0b7 dr Jacek Soko\u0142owski &#8211; Instytut Allerhanda<\/p>\n<p>Po zako\u0144czeniu dyskusji odb\u0119dzie si\u0119 tradycyjna ju\u017c dla \u015awi\u0119ta Prawnik\u00f3w w Krakowie procesja w togach oraz strojach akademickich (prawnicy-akademicy). W trakcie pochodu, kt\u00f3ry rozpocznie si\u0119 na dziedzi\u0144cu Collegium Maius. uczestnicy pod\u0105\u017c\u0105 za obrazem i relikwiami ich patrona &#8211; \u015bw. Ivo Helory &#8211; do znajduj\u0105cej si\u0119 nieopodal Collegium Maius kolegiaty akademickiej \u015bw. Anny. Z kolei tam b\u0119dzie mia\u0142 miejsce ostatni punkt tegorocznego \u015awi\u0119ta Prawnik\u00f3w &#8211; uroczysta Msza \u015awi\u0119ta o \u015bwiat\u0142o Ducha \u015awi\u0119tego dla polityk\u00f3w i prawnik\u00f3w. Zar\u00f3wno procesja, jak i Msza s\u0105 wydarzeniami otwartymi, na kt\u00f3re zaproszeni s\u0105 wszyscy bez wyj\u0105tku profesjonali\u015bci, zajmuj\u0105cy si\u0119 prawem teoretycznie lub praktycznie. Ch\u0119\u0107 czynnego udzia\u0142u w seminarium &#8222;Jaki Trybuna\u0142&#8221;, z uwagi na ograniczon\u0105 liczb\u0119 miejsc, nale\u017cy uprzednio zg\u0142osi\u0107 wysy\u0142aj\u0105c e-mail na adres sp2016@arslegis.org.pl.<\/p>\n<p>Seminarium b\u0119dzie r\u00f3wnie\u017c transmitowane na \u017cywo w internecie. Wszyscy zainteresowani b\u0119d\u0105 mogli obejrze\u0107 je pod adresem: https:\/\/www.youtube.com\/watch?v=89sLdMejMk0 Seminarium &#8222;Jaki Trybuna\u0142?&#8221; w ramach XIII \u015awi\u0119ta Prawnik\u00f3w stanowi kolejn\u0105 ju\u017c inicjatyw\u0119 \u015brodowisk prawniczych, kt\u00f3re we wsp\u00f3\u0142pracy z think-tankami i organizacjami pozarz\u0105dowymi popar\u0142y dokument &#8222;10 tez o naturze konfliktu, potrzebie kompromisu i kierunku reformy Trybuna\u0142u Konstytucyjnego&#8221;, sforumu\u0142wanych przez dra Arkadiusza Radwana i dra Jacka Soko\u0142owskiego z Instytutu Allerhanda. Tezy zosta\u0142y r\u00f3wnie\u017c przedstawione Prezydentowi RP Andrzejowi Dudzie 3 marca br. podczas spotkania w Pa\u0142acu Prezydenckim. Organizatorem dorocznego \u015awi\u0119ta Prawnik\u00f3w jest krakowska organizacja Ars Legis &#8211; Stowarzyszenie im. \u015bw. Ivo Helory Patrona Prawnik\u00f3w. Tegoroczna edycja jest przygotowywana we wsp\u00f3\u0142pracy z Instytutem Allerhanda.<\/p>\n<p><a href=\"https:\/\/komornik.pl\/wp-content\/uploads\/2016\/05\/XIII-\u015awi\u0119to-Prawnik\u00f3w-plakat.PDF.jpg\" target=\"_blank\" rel=\"noopener\"><img loading=\"lazy\" decoding=\"async\" class=\"aligncenter size-large wp-image-5920\" src=\"https:\/\/komornik.pl\/wp-content\/uploads\/2016\/05\/XIII-\u015awi\u0119to-Prawnik\u00f3w-plakat.PDF-724x1024.jpg\" alt=\"XIII \u015awi\u0119to Prawnik\u00f3w - plakat.PDF\" width=\"724\" height=\"1024\" srcset=\"https:\/\/www.komornik.pl\/wp-content\/uploads\/2016\/05\/XIII-\u015awi\u0119to-Prawnik\u00f3w-plakat.PDF-724x1024.jpg 724w, https:\/\/www.komornik.pl\/wp-content\/uploads\/2016\/05\/XIII-\u015awi\u0119to-Prawnik\u00f3w-plakat.PDF-212x300.jpg 212w, https:\/\/www.komornik.pl\/wp-content\/uploads\/2016\/05\/XIII-\u015awi\u0119to-Prawnik\u00f3w-plakat.PDF.jpg 1240w\" sizes=\"auto, (max-width: 724px) 100vw, 724px\" \/><\/a><\/p>\n","protected":false},"excerpt":{"rendered":"<p>W Krakowie 19 maja 2016 r. odb\u0119dzie si\u0119 13. edycja \u015awi\u0119ta Prawnik\u00f3w. Na swoim dorocznym spotkaniu teoretycy i praktycy prawa wezm\u0105 udzia\u0142 w seminarium&#8230;<\/p>\n","protected":false},"author":23,"featured_media":0,"comment_status":"closed","ping_status":"closed","sticky":false,"template":"","format":"standard","meta":{"_acf_changed":false,"footnotes":""},"categories":[3],"tags":[],"class_list":["post-5916","post","type-post","status-publish","format-standard","hentry","category-aktualnosci"],"acf":[],"_links":{"self":[{"href":"https:\/\/www.komornik.pl\/index.php?rest_route=\/wp\/v2\/posts\/5916","targetHints":{"allow":["GET"]}}],"collection":[{"href":"https:\/\/www.komornik.pl\/index.php?rest_route=\/wp\/v2\/posts"}],"about":[{"href":"https:\/\/www.komornik.pl\/index.php?rest_route=\/wp\/v2\/types\/post"}],"author":[{"embeddable":true,"href":"https:\/\/www.komornik.pl\/index.php?rest_route=\/wp\/v2\/users\/23"}],"replies":[{"embeddable":true,"href":"https:\/\/www.komornik.pl\/index.php?rest_route=%2Fwp%2Fv2%2Fcomments&post=5916"}],"version-history":[{"count":0,"href":"https:\/\/www.komornik.pl\/index.php?rest_route=\/wp\/v2\/posts\/5916\/revisions"}],"wp:attachment":[{"href":"https:\/\/www.komornik.pl\/index.php?rest_route=%2Fwp%2Fv2%2Fmedia&parent=5916"}],"wp:term":[{"taxonomy":"category","embeddable":true,"href":"https:\/\/www.komornik.pl\/index.php?rest_route=%2Fwp%2Fv2%2Fcategories&post=5916"},{"taxonomy":"post_tag","embeddable":true,"href":"https:\/\/www.komornik.pl\/index.php?rest_route=%2Fwp%2Fv2%2Ftags&post=5916"}],"curies":[{"name":"wp","href":"https:\/\/api.w.org\/{rel}","templated":true}]}}