{"id":5806,"date":"2016-04-14T15:51:32","date_gmt":"2016-04-14T13:51:32","guid":{"rendered":"http:\/\/www.komornik.pl\/?p=5806"},"modified":"2016-04-14T16:20:15","modified_gmt":"2016-04-14T14:20:15","slug":"konrad-c-wydalony-ze-sluzby-komorniczej","status":"publish","type":"post","link":"https:\/\/www.komornik.pl\/?p=5806","title":{"rendered":"Konrad C. wydalony ze s\u0142u\u017cby komorniczej"},"content":{"rendered":"<p>Komisja Dyscyplinarna przy Krajowej Radzie Komorniczej w Warszawie orzeczeniem z dnia 13 kwietnia 2016 r. wydali\u0142a ze s\u0142u\u017cby komorniczej Konrada C. \u2013 Komornika S\u0105dowego przy S\u0105dzie Rejonowym Pozna\u0144 Nowe Miasto i Wilda w Poznaniu.<br \/>\nWnioski o wydalenie ze s\u0142u\u017cby z\u0142o\u017cyli: Rada Izby Komorniczej w Poznaniu i Minister Sprawiedliwo\u015bci. Nieprawid\u0142owo\u015bci stanowi\u0105ce podstaw\u0119 wniosk\u00f3w dyscyplinarnych wykryte zosta\u0142y przez organy samorz\u0105du komorniczego, kt\u00f3re opr\u00f3cz skierowania wniosku o wydalenie obwinionego komornika ze s\u0142u\u017cy zawiadomi\u0142y tak\u017ce organy \u015bcigania o mo\u017cliwo\u015bci pope\u0142nienia przest\u0119pstwa.<\/p>\n<p>Komisja Dyscyplinarna przy Krajowej Radzie Komorniczej, uznaj\u0105c obwinionego komornika za winnego zarzucanych mu czyn\u00f3w, podzieli\u0142a zasadno\u015b\u0107 zastosowania wobec niego najsurowszej sankcji, tj. kary wydalenia ze s\u0142u\u017cby komorniczej. Orzeczenie to nie jest prawomocne.<br \/>\nNiezale\u017cnie od wydalenia ze s\u0142u\u017cby komorniczej Prokuratura Rejonowa Pozna\u0144 \u2013 Stare Miasto w Poznaniu prowadzi aktualnie post\u0119powanie przygotowawcze w sprawie spowodowania niedoboru \u015brodk\u00f3w pieni\u0119\u017cnych i innych nieprawid\u0142owo\u015bci stwierdzonych przez organy samorz\u0105du komorniczego w kancelarii wydalonego komornika.<\/p>\n","protected":false},"excerpt":{"rendered":"<p>Komisja Dyscyplinarna przy Krajowej Radzie Komorniczej w Warszawie orzeczeniem z dnia 13 kwietnia 2016 r. wydali\u0142a ze s\u0142u\u017cby komorniczej Konrada C. \u2013 Komornika S\u0105dowego&#8230;<\/p>\n","protected":false},"author":23,"featured_media":0,"comment_status":"closed","ping_status":"closed","sticky":false,"template":"","format":"standard","meta":{"_acf_changed":false,"footnotes":""},"categories":[3,4],"tags":[],"class_list":["post-5806","post","type-post","status-publish","format-standard","hentry","category-aktualnosci","category-z-krk"],"acf":[],"_links":{"self":[{"href":"https:\/\/www.komornik.pl\/index.php?rest_route=\/wp\/v2\/posts\/5806","targetHints":{"allow":["GET"]}}],"collection":[{"href":"https:\/\/www.komornik.pl\/index.php?rest_route=\/wp\/v2\/posts"}],"about":[{"href":"https:\/\/www.komornik.pl\/index.php?rest_route=\/wp\/v2\/types\/post"}],"author":[{"embeddable":true,"href":"https:\/\/www.komornik.pl\/index.php?rest_route=\/wp\/v2\/users\/23"}],"replies":[{"embeddable":true,"href":"https:\/\/www.komornik.pl\/index.php?rest_route=%2Fwp%2Fv2%2Fcomments&post=5806"}],"version-history":[{"count":0,"href":"https:\/\/www.komornik.pl\/index.php?rest_route=\/wp\/v2\/posts\/5806\/revisions"}],"wp:attachment":[{"href":"https:\/\/www.komornik.pl\/index.php?rest_route=%2Fwp%2Fv2%2Fmedia&parent=5806"}],"wp:term":[{"taxonomy":"category","embeddable":true,"href":"https:\/\/www.komornik.pl\/index.php?rest_route=%2Fwp%2Fv2%2Fcategories&post=5806"},{"taxonomy":"post_tag","embeddable":true,"href":"https:\/\/www.komornik.pl\/index.php?rest_route=%2Fwp%2Fv2%2Ftags&post=5806"}],"curies":[{"name":"wp","href":"https:\/\/api.w.org\/{rel}","templated":true}]}}