{"id":5709,"date":"2016-03-21T14:24:15","date_gmt":"2016-03-21T13:24:15","guid":{"rendered":"http:\/\/www.komornik.pl\/?p=5709"},"modified":"2016-03-21T14:24:15","modified_gmt":"2016-03-21T13:24:15","slug":"eksmisja-warsztaty-prawne-dla-dziennikarzy","status":"publish","type":"post","link":"https:\/\/www.komornik.pl\/?p=5709","title":{"rendered":"EKSMISJA &#8211; warsztaty prawne dla dziennikarzy"},"content":{"rendered":"<p>W imieniu Krajowej Rady Komorniczej serdecznie zapraszamy dziennikarzy zainteresowanych tematyk\u0105 eksmisji na warsztaty prawne \u201eEKSMISJA &#8211; PRAWNY A MORALNY OBOWI\u0104ZEK KOMORNIKA\u201d, kt\u00f3re odb\u0119d\u0105 si\u0119 30 marca 2016 roku (\u015broda) w godzinach 11.00-13.30 w siedzibie Krajowej Rady Komorniczej w Warszawie przy ulicy Szpitalnej 4 lok. 10 (II pi\u0119tro).<\/p>\n<p>Warsztaty stawi\u0107 b\u0119d\u0105 doskona\u0142\u0105 okazj\u0119 do pozyskania pog\u0142\u0119bionej wiedzy na temat wa\u017ckiego spo\u0142ecznie problemu eksmisji i po\u0142\u0105czone zostan\u0105 z mo\u017cliwo\u015bci\u0105 bezpo\u015bredniego spotkania i dyskusji z prelegentami. Zaprezentowane zostan\u0105 przyk\u0142ady z pracy komornik\u00f3w oraz praktyczne porady dotycz\u0105ce instytucji eksmisji. Mo\u017cliwe b\u0119dzie tak\u017ce otrzymanie materia\u0142\u00f3w informacyjnych oraz zrealizowanie materia\u0142\u00f3w medialnych.<\/p>\n<p>Szczeg\u00f3\u0142owy program tego wydarzenia za\u0142\u0105czamy poni\u017cej.<\/p>\n<p>Ze wzgl\u0119d\u00f3w organizacyjnych konieczne jest zg\u0142oszenie uczestnictwa w warsztatach do dnia 29 marca 2016 r. na adres e-mail: rzecznik.krk@komornik.pl lub telefonicznie pod numerem: 602 363 364.<\/p>\n<p>Raz jeszcze serdecznie zapraszamy.<\/p>\n<p><a href=\"https:\/\/komornik.pl\/wp-content\/uploads\/2016\/03\/Agenda-warsztat\u00f3w.pdf\" target=\"_blank\" rel=\"noopener\">Program<\/a><\/p>\n<p>&nbsp;<\/p>\n<p>&nbsp;<\/p>\n","protected":false},"excerpt":{"rendered":"<p>W imieniu Krajowej Rady Komorniczej serdecznie zapraszamy dziennikarzy zainteresowanych tematyk\u0105 eksmisji na warsztaty prawne \u201eEKSMISJA &#8211; PRAWNY A MORALNY OBOWI\u0104ZEK KOMORNIKA\u201d, kt\u00f3re odb\u0119d\u0105 si\u0119&#8230;<\/p>\n","protected":false},"author":23,"featured_media":0,"comment_status":"closed","ping_status":"closed","sticky":false,"template":"","format":"standard","meta":{"_acf_changed":false,"footnotes":""},"categories":[3],"tags":[],"class_list":["post-5709","post","type-post","status-publish","format-standard","hentry","category-aktualnosci"],"acf":[],"_links":{"self":[{"href":"https:\/\/www.komornik.pl\/index.php?rest_route=\/wp\/v2\/posts\/5709","targetHints":{"allow":["GET"]}}],"collection":[{"href":"https:\/\/www.komornik.pl\/index.php?rest_route=\/wp\/v2\/posts"}],"about":[{"href":"https:\/\/www.komornik.pl\/index.php?rest_route=\/wp\/v2\/types\/post"}],"author":[{"embeddable":true,"href":"https:\/\/www.komornik.pl\/index.php?rest_route=\/wp\/v2\/users\/23"}],"replies":[{"embeddable":true,"href":"https:\/\/www.komornik.pl\/index.php?rest_route=%2Fwp%2Fv2%2Fcomments&post=5709"}],"version-history":[{"count":0,"href":"https:\/\/www.komornik.pl\/index.php?rest_route=\/wp\/v2\/posts\/5709\/revisions"}],"wp:attachment":[{"href":"https:\/\/www.komornik.pl\/index.php?rest_route=%2Fwp%2Fv2%2Fmedia&parent=5709"}],"wp:term":[{"taxonomy":"category","embeddable":true,"href":"https:\/\/www.komornik.pl\/index.php?rest_route=%2Fwp%2Fv2%2Fcategories&post=5709"},{"taxonomy":"post_tag","embeddable":true,"href":"https:\/\/www.komornik.pl\/index.php?rest_route=%2Fwp%2Fv2%2Ftags&post=5709"}],"curies":[{"name":"wp","href":"https:\/\/api.w.org\/{rel}","templated":true}]}}