{"id":5680,"date":"2016-03-16T08:26:51","date_gmt":"2016-03-16T07:26:51","guid":{"rendered":"http:\/\/www.komornik.pl\/?p=5680"},"modified":"2016-03-16T08:26:51","modified_gmt":"2016-03-16T07:26:51","slug":"iv-edycja-kongresu-regulacji-prawnych-z-obszaru-zarzadzania-wierzytelnosciami","status":"publish","type":"post","link":"https:\/\/www.komornik.pl\/?p=5680","title":{"rendered":"IV edycja Kongresu Regulacji Prawnych z Obszaru Zarz\u0105dzania Wierzytelno\u015bciami"},"content":{"rendered":"<p>Konferencja Przedsi\u0119biorstw Finansowych w Polsce wraz z partnerem merytorycznym firm\u0105 doradcz\u0105 EY zapraszaj\u0105 do udzia\u0142u w IV edycji Kongresu Regulacji Prawnych z Obszaru Zarz\u0105dzania Wierzytelno\u015bciami, kt\u00f3ry odb\u0119dzie si\u0119 w Warszawie w Hotelu Marriott w dniu 13 kwietnia 2016 roku pod patronatem honorowym Krajowej Rady Komorniczej, Komisji Nadzoru Finansowego oraz Instytutu Allerhanda.<\/p>\n<p>Organizowany po raz czwarty Kongres to najwi\u0119ksze cykliczne wydarzenia dla sektora zarz\u0105dzania wierzytelno\u015bciami. Kongres po\u015bwi\u0119cony regulacjom w obszarze zarz\u0105dzania wierzytelno\u015bciami ma na celu om\u00f3wienie najistotniejszych zmian i postulat\u00f3w legislacyjnych w zakresie szeroko poj\u0119tego zarz\u0105dzania wierzytelno\u015bciami. Podczas kongresu eksperci dokonaj\u0105 oceny wp\u0142ywu zmian legislacyjnych na funkcjonowanie wierzycieli i dochodzenie przez nich roszcze\u0144 zar\u00f3wno w aspekcie masowym jak i jednostkowym. Podczas tegorocznego Kongresu zaproszeni eksperci skupi\u0105 si\u0119 na obszarach:<br \/>\n-nowe regulacje dla bran\u017cy zarz\u0105dzania wierzytelno\u015bciami przyj\u0119te od ubieg\u0142orocznej edycji Kongresu,<br \/>\n-nowe regulacje dla bran\u017cy zarz\u0105dzania wierzytelno\u015bciami &#8211; aspekty podatkowe,<br \/>\n-perspektywa legislacyjna zwi\u0105zana z europejskimi regulacjami odno\u015bnie sekurytyzacji,<br \/>\n-wsp\u00f3\u0142praca wierzycieli z komornikami s\u0105dowymi \u2013 panel interesariuszy z udzia\u0142em Krajowej Rady Komorniczej,<br \/>\n-upad\u0142o\u015b\u0107 konsumencka i restrukturyzacja.<\/p>\n<p>Program Kongresu kierowany jest do przedstawicieli departament\u00f3w prawnych, windykacji i restrukturyzacji bank\u00f3w oraz innych podmiot\u00f3w rynku us\u0142ug prawnych, finansowych, w tym wierzycieli pierwotnych i wt\u00f3rnych, a tak\u017ce do \u015brodowiska komornik\u00f3w s\u0105dowych.<\/p>\n<p>Pe\u0142na agenda Kongresu oraz informacje zwi\u0105zane z rejestracj\u0105 znajduj\u0105 si\u0119 na stronie www.kpf.pl<\/p>\n","protected":false},"excerpt":{"rendered":"<p>Konferencja Przedsi\u0119biorstw Finansowych w Polsce wraz z partnerem merytorycznym firm\u0105 doradcz\u0105 EY zapraszaj\u0105 do udzia\u0142u w IV edycji Kongresu Regulacji Prawnych z Obszaru Zarz\u0105dzania&#8230;<\/p>\n","protected":false},"author":23,"featured_media":0,"comment_status":"closed","ping_status":"closed","sticky":false,"template":"","format":"standard","meta":{"_acf_changed":false,"footnotes":""},"categories":[3],"tags":[],"class_list":["post-5680","post","type-post","status-publish","format-standard","hentry","category-aktualnosci"],"acf":[],"_links":{"self":[{"href":"https:\/\/www.komornik.pl\/index.php?rest_route=\/wp\/v2\/posts\/5680","targetHints":{"allow":["GET"]}}],"collection":[{"href":"https:\/\/www.komornik.pl\/index.php?rest_route=\/wp\/v2\/posts"}],"about":[{"href":"https:\/\/www.komornik.pl\/index.php?rest_route=\/wp\/v2\/types\/post"}],"author":[{"embeddable":true,"href":"https:\/\/www.komornik.pl\/index.php?rest_route=\/wp\/v2\/users\/23"}],"replies":[{"embeddable":true,"href":"https:\/\/www.komornik.pl\/index.php?rest_route=%2Fwp%2Fv2%2Fcomments&post=5680"}],"version-history":[{"count":0,"href":"https:\/\/www.komornik.pl\/index.php?rest_route=\/wp\/v2\/posts\/5680\/revisions"}],"wp:attachment":[{"href":"https:\/\/www.komornik.pl\/index.php?rest_route=%2Fwp%2Fv2%2Fmedia&parent=5680"}],"wp:term":[{"taxonomy":"category","embeddable":true,"href":"https:\/\/www.komornik.pl\/index.php?rest_route=%2Fwp%2Fv2%2Fcategories&post=5680"},{"taxonomy":"post_tag","embeddable":true,"href":"https:\/\/www.komornik.pl\/index.php?rest_route=%2Fwp%2Fv2%2Ftags&post=5680"}],"curies":[{"name":"wp","href":"https:\/\/api.w.org\/{rel}","templated":true}]}}