{"id":3269,"date":"2015-05-22T19:37:14","date_gmt":"2015-05-22T17:37:14","guid":{"rendered":"http:\/\/komornik.pl\/?p=3269"},"modified":"2015-09-18T21:11:47","modified_gmt":"2015-09-18T19:11:47","slug":"xxii-miedzynarodowy-kongres-uihj-w-madrycie-2-5-czerwca-2015-r","status":"publish","type":"post","link":"https:\/\/www.komornik.pl\/?p=3269","title":{"rendered":"XXII Mi\u0119dzynarodowy Kongres UIHJ w Madrycie 2-5 czerwca 2015 r."},"content":{"rendered":"<div class=\"img_caption left\"><a href=\"https:\/\/komornik.pl\/wp-content\/uploads\/2015\/05\/uihjmadridkongres.png\" target=\"_blank\" rel=\"noopener\"><img loading=\"lazy\" decoding=\"async\" class=\" size-full wp-image-3272 alignleft\" src=\"https:\/\/komornik.pl\/wp-content\/uploads\/2015\/05\/uihjmadridkongres.png\" alt=\"uihjmadridkongres\" width=\"165\" height=\"115\" \/><\/a><\/div>\n<p>W dniach od 2 do 5 czerwca 2015 r. w Madrycie odb\u0119dzie si\u0119 XXII Mi\u0119dzynarodowy Kongres Komornik\u00f3w S\u0105dowych UIHJ pod has\u0142em przewodnim: &#8222;Komornik s\u0105dowy, pomost \u0142\u0105cz\u0105cy prawo i ekonomi\u0119-nowe spojrzenie na egzekucj\u0119 s\u0105dow\u0105&#8221;. Tradycyjnie, podczas obrad Kongresu wybrane zostan\u0105 nowe w\u0142adze UIHJ w postaci Prezydenta UIHJ i cz\u0142onk\u00f3w Zarz\u0105du UIHJ. Szczeg\u00f3\u0142y organizacyjne mo\u017cna uzyska\u0107 na stronie internetowej UIHJ pod linkiem http:\/\/www.uihj.com\/en\/introduction_2163584.html oraz w Biurze Krajowej Rady Komorniczej.<\/p>\n","protected":false},"excerpt":{"rendered":"<p>W dniach od 2 do 5 czerwca 2015 r. w Madrycie odb\u0119dzie si\u0119 XXII Mi\u0119dzynarodowy Kongres Komornik\u00f3w S\u0105dowych UIHJ pod has\u0142em przewodnim: &#8222;Komornik s\u0105dowy,&#8230;<\/p>\n","protected":false},"author":23,"featured_media":3272,"comment_status":"open","ping_status":"open","sticky":false,"template":"","format":"standard","meta":{"_acf_changed":false,"footnotes":""},"categories":[5],"tags":[],"class_list":["post-3269","post","type-post","status-publish","format-standard","has-post-thumbnail","hentry","category-ze-swiata"],"acf":[],"_links":{"self":[{"href":"https:\/\/www.komornik.pl\/index.php?rest_route=\/wp\/v2\/posts\/3269","targetHints":{"allow":["GET"]}}],"collection":[{"href":"https:\/\/www.komornik.pl\/index.php?rest_route=\/wp\/v2\/posts"}],"about":[{"href":"https:\/\/www.komornik.pl\/index.php?rest_route=\/wp\/v2\/types\/post"}],"author":[{"embeddable":true,"href":"https:\/\/www.komornik.pl\/index.php?rest_route=\/wp\/v2\/users\/23"}],"replies":[{"embeddable":true,"href":"https:\/\/www.komornik.pl\/index.php?rest_route=%2Fwp%2Fv2%2Fcomments&post=3269"}],"version-history":[{"count":0,"href":"https:\/\/www.komornik.pl\/index.php?rest_route=\/wp\/v2\/posts\/3269\/revisions"}],"wp:featuredmedia":[{"embeddable":true,"href":"https:\/\/www.komornik.pl\/index.php?rest_route=\/"}],"wp:attachment":[{"href":"https:\/\/www.komornik.pl\/index.php?rest_route=%2Fwp%2Fv2%2Fmedia&parent=3269"}],"wp:term":[{"taxonomy":"category","embeddable":true,"href":"https:\/\/www.komornik.pl\/index.php?rest_route=%2Fwp%2Fv2%2Fcategories&post=3269"},{"taxonomy":"post_tag","embeddable":true,"href":"https:\/\/www.komornik.pl\/index.php?rest_route=%2Fwp%2Fv2%2Ftags&post=3269"}],"curies":[{"name":"wp","href":"https:\/\/api.w.org\/{rel}","templated":true}]}}