{"id":2351,"date":"2015-03-10T21:08:12","date_gmt":"2015-03-10T20:08:12","guid":{"rendered":"http:\/\/komornik.pl\/\/?p=274"},"modified":"2015-09-18T20:58:30","modified_gmt":"2015-09-18T18:58:30","slug":"wiceprezydent-uihj","status":"publish","type":"post","link":"https:\/\/www.komornik.pl\/?p=2351","title":{"rendered":"Wiceprezydent UIHJ"},"content":{"rendered":"<h2 class=\"contentheading\"><span id=\"wiceprezydent-uihj\"><\/span>Wiceprezydent UIHJ<\/h2>\n<div class=\"gkArticleContent\">\n<div class=\"img_caption left\">\n<p class=\"img_caption\"><a href=\"https:\/\/komornik.pl\/wp-content\/uploads\/2015\/03\/uihj.gif\" target=\"_blank\" rel=\"noopener\"><img loading=\"lazy\" decoding=\"async\" class=\" size-full wp-image-212 alignleft\" src=\"https:\/\/komornik.pl\/wp-content\/uploads\/2015\/03\/uihj.gif\" alt=\"uihj\" width=\"350\" height=\"155\" \/><\/a><\/p>\n<\/div>\n<p>Z wielkim \u017calem informujemy, i\u017c w dniu 03 marca 2015 r. zmar\u0142 Bernard Menut I Wiceprezydent Mi\u0119dzynarodowej Unii Komornik\u00f3w S\u0105dowych UIHJ, komornik s\u0105dowy z Francji, pogr\u0105\u017cony w \u015bpi\u0105czce od 1 stycznia 2015 r. w wyniku doznania rozleg\u0142ego udaru m\u00f3zgu. Uroczysto\u015bci pogrzebowe odb\u0119d\u0105 si\u0119 w dniu 10 marca 2015 r. o godz. 15.00 w ko\u015bciele Naj\u015bwi\u0119tszej Marii Panny w Mirebeau (departament Vienne, region Poitou-Charentes). Wyrazy g\u0142\u0119bokiego ubolewania i wsp\u00f3\u0142czucia, zar\u00f3wno dla najbli\u017cszej rodziny Bernarda Menut jak i komorniczej rodziny UIHJ nap\u0142ywaj\u0105 licznie z ca\u0142ego \u015bwiata.<br \/>\n<!--more--><\/p>\n<\/div>\n","protected":false},"excerpt":{"rendered":"<p>Wiceprezydent UIHJ Z wielkim \u017calem informujemy, i\u017c w dniu 03 marca 2015 r. zmar\u0142 Bernard Menut I Wiceprezydent Mi\u0119dzynarodowej Unii Komornik\u00f3w S\u0105dowych UIHJ, komornik&#8230;<\/p>\n","protected":false},"author":23,"featured_media":0,"comment_status":"closed","ping_status":"open","sticky":false,"template":"","format":"standard","meta":{"_acf_changed":false,"footnotes":""},"categories":[5],"tags":[],"class_list":["post-2351","post","type-post","status-publish","format-standard","hentry","category-ze-swiata"],"acf":[],"_links":{"self":[{"href":"https:\/\/www.komornik.pl\/index.php?rest_route=\/wp\/v2\/posts\/2351","targetHints":{"allow":["GET"]}}],"collection":[{"href":"https:\/\/www.komornik.pl\/index.php?rest_route=\/wp\/v2\/posts"}],"about":[{"href":"https:\/\/www.komornik.pl\/index.php?rest_route=\/wp\/v2\/types\/post"}],"author":[{"embeddable":true,"href":"https:\/\/www.komornik.pl\/index.php?rest_route=\/wp\/v2\/users\/23"}],"replies":[{"embeddable":true,"href":"https:\/\/www.komornik.pl\/index.php?rest_route=%2Fwp%2Fv2%2Fcomments&post=2351"}],"version-history":[{"count":0,"href":"https:\/\/www.komornik.pl\/index.php?rest_route=\/wp\/v2\/posts\/2351\/revisions"}],"wp:attachment":[{"href":"https:\/\/www.komornik.pl\/index.php?rest_route=%2Fwp%2Fv2%2Fmedia&parent=2351"}],"wp:term":[{"taxonomy":"category","embeddable":true,"href":"https:\/\/www.komornik.pl\/index.php?rest_route=%2Fwp%2Fv2%2Fcategories&post=2351"},{"taxonomy":"post_tag","embeddable":true,"href":"https:\/\/www.komornik.pl\/index.php?rest_route=%2Fwp%2Fv2%2Ftags&post=2351"}],"curies":[{"name":"wp","href":"https:\/\/api.w.org\/{rel}","templated":true}]}}