{"id":2097,"date":"2015-03-11T21:35:51","date_gmt":"2015-03-11T20:35:51","guid":{"rendered":"http:\/\/komornik.pl\/?p=2097"},"modified":"2015-09-18T20:58:33","modified_gmt":"2015-09-18T18:58:33","slug":"podsumowanie-tygodnia-pomocy-osobom-pokrzywdzonym-przestepstwem","status":"publish","type":"post","link":"https:\/\/www.komornik.pl\/?p=2097","title":{"rendered":"Podsumowanie Tygodnia Pomocy Osobom Pokrzywdzonym Przest\u0119pstwem."},"content":{"rendered":"<p>Krak\u00f3w, Suwa\u0142ki oraz Lublin \u2013 to miejsca gdzie najwi\u0119cej os\u00f3b pokrzywdzonych przest\u0119pstwem zg\u0142osi\u0142o si\u0119 po porad\u0119 w ramach \u00a015 Tygodnia Pomocy Osobom Pokrzywdzonym Przest\u0119pstwem. Pytania najcz\u0119\u015bciej kierowane by\u0142y do prawnik\u00f3w. Wielu pokrzywdzonych zg\u0142asza\u0142o si\u0119 r\u00f3wnie\u017c po pomoc psychologiczn\u0105.<\/p>\n<p>Tegoroczny Tydzie\u0144 Pomocy Osobom Pokrzywdzonym Przest\u0119pstwem, odbywa\u0142 si\u0119 w dniach 23-28 lutego i by\u0142 ju\u017c jego 15 edycj\u0105.\u00a0Nowo\u015bci\u0105 by\u0142y dy\u017cury specjalist\u00f3w, pe\u0142nione w ramach Tygodnia, odbywaj\u0105ce si\u0119 w O\u015brodkach Pomocy dla Os\u00f3b Pokrzywdzonych Przest\u0119pstwem, wy\u0142onionych w ramach projektu \u201eWzmocnienie pozycji pokrzywdzonych przest\u0119pstwem i wsparcie \u015bwiadk\u00f3w w post\u0119powaniu karnym\u201d oraz podmiot\u00f3w, kt\u00f3re otrzyma\u0142y dotacj\u0119 w ramach Funduszu Pomocy Pokrzywdzonym oraz Pomocy Postpenitencjarnej.<br \/>\n<!--more--><\/p>\n<p>\u0141\u0105cznie w ramach Tygodnia dost\u0119pne by\u0142y 32 punkty koordynuj\u0105ce dzia\u0142ania na terenie poszczeg\u00f3lnych wojew\u00f3dztw oraz ich filii i organizacji, kt\u00f3re w\u0142\u0105czy\u0142y si\u0119 w obchody Tygodnia. Pozwoli\u0142o to na dotarcie do pokrzywdzonych na szczeblach powiatowym i gminnym. Z inicjatywy samorz\u0105d\u00f3w prawniczych \u2013 radcowie prawni i adwokaci udzielali tak\u017ce porad w Okr\u0119gowych Izbach Radc\u00f3w Prawnych oraz Okr\u0119gowych Radach Adwokackich.<\/p>\n<p>W trakcie tegorocznej edycji Tygodnia, bezp\u0142atnych porad udzielali komornicy, radcowie prawni, adwokaci, notariusze, prokuratorzy, asystenci s\u0119dziego, policjanci, psycholodzy, pracownicy socjalni, kuratorzy, przedstawiciele Rzecznika Praw Obywatelskich, Rzecznika Praw Dziecka, a tak\u017ce aplikanci.<\/p>\n<p>W sumie z porad skorzysta\u0142o 2613 os\u00f3b, kt\u00f3rym udzielono 2748 informacji prawnych oraz porad psychologicznych. Pokrzywdzeni\u00a0skorzystali z porad wielu specjalist\u00f3w dzi\u0119ki czemu pomoc mia\u0142a charakter bardziej kompleksowy. Najwi\u0119cej pokrzywdzonych zg\u0142osi\u0142o si\u0119 do Krakowskiego Forum Organizacji Spo\u0142ecznych KraFOS (272 osoby). Du\u017c\u0105 popularno\u015bci\u0105 cieszy\u0142y si\u0119 r\u00f3wnie\u017c porady udzielane w Centrum Aktywno\u015bci Spo\u0142ecznej \u201ePryzmat\u201d w Suwa\u0142kach (257 osoby) oraz w siedzibie Katolickiego Stowarzyszenia Pomocy Osobom Potrzebuj\u0105cym AGAPE w Lublinie (208 os\u00f3b).<\/p>\n<p>Jak wynika z informacji przekazanych przez podmioty, w kt\u00f3rych odbywa\u0142y si\u0119 dy\u017cury, pokrzywdzeni najcz\u0119\u015bciej pytali o pomoc w sprawach karnych, rodzinnych, jak r\u00f3wnie\u017c z zakresu prawa pracy czy te\u017c kwestii alimentacyjnych. Wiele os\u00f3b zg\u0142osi\u0142o si\u0119 po porad\u0119 psychologiczn\u0105. Najcz\u0119\u015bciej wybieran\u0105 przez pokrzywdzonych form\u0105 kontaktu ze specjalistami by\u0142a osobista wizyta we wskazanym punkcie. Coraz cz\u0119\u015bciej wybieran\u0105 form\u0105 kontaktu \u2013 obok telefonicznego &#8211; staj\u0105 si\u0119 tak\u017ce pro\u015bby przesy\u0142ane drog\u0105 elektroniczn\u0105 (e-mail).<\/p>\n","protected":false},"excerpt":{"rendered":"<p>Krak\u00f3w, Suwa\u0142ki oraz Lublin \u2013 to miejsca gdzie najwi\u0119cej os\u00f3b pokrzywdzonych przest\u0119pstwem zg\u0142osi\u0142o si\u0119 po porad\u0119 w ramach \u00a015 Tygodnia Pomocy Osobom Pokrzywdzonym Przest\u0119pstwem&#8230;.<\/p>\n","protected":false},"author":23,"featured_media":436,"comment_status":"closed","ping_status":"open","sticky":false,"template":"","format":"standard","meta":{"_acf_changed":false,"footnotes":""},"categories":[4],"tags":[],"class_list":["post-2097","post","type-post","status-publish","format-standard","has-post-thumbnail","hentry","category-z-krk"],"acf":[],"_links":{"self":[{"href":"https:\/\/www.komornik.pl\/index.php?rest_route=\/wp\/v2\/posts\/2097","targetHints":{"allow":["GET"]}}],"collection":[{"href":"https:\/\/www.komornik.pl\/index.php?rest_route=\/wp\/v2\/posts"}],"about":[{"href":"https:\/\/www.komornik.pl\/index.php?rest_route=\/wp\/v2\/types\/post"}],"author":[{"embeddable":true,"href":"https:\/\/www.komornik.pl\/index.php?rest_route=\/wp\/v2\/users\/23"}],"replies":[{"embeddable":true,"href":"https:\/\/www.komornik.pl\/index.php?rest_route=%2Fwp%2Fv2%2Fcomments&post=2097"}],"version-history":[{"count":0,"href":"https:\/\/www.komornik.pl\/index.php?rest_route=\/wp\/v2\/posts\/2097\/revisions"}],"wp:featuredmedia":[{"embeddable":true,"href":"https:\/\/www.komornik.pl\/index.php?rest_route=\/"}],"wp:attachment":[{"href":"https:\/\/www.komornik.pl\/index.php?rest_route=%2Fwp%2Fv2%2Fmedia&parent=2097"}],"wp:term":[{"taxonomy":"category","embeddable":true,"href":"https:\/\/www.komornik.pl\/index.php?rest_route=%2Fwp%2Fv2%2Fcategories&post=2097"},{"taxonomy":"post_tag","embeddable":true,"href":"https:\/\/www.komornik.pl\/index.php?rest_route=%2Fwp%2Fv2%2Ftags&post=2097"}],"curies":[{"name":"wp","href":"https:\/\/api.w.org\/{rel}","templated":true}]}}