{"id":2077,"date":"2015-03-23T21:27:23","date_gmt":"2015-03-23T20:27:23","guid":{"rendered":"http:\/\/komornik.pl\/?p=2077"},"modified":"2015-09-18T20:59:13","modified_gmt":"2015-09-18T18:59:13","slug":"powolano-rade-programowa-krp-z-obszaru-zarzadzania-wierzytelnosciami","status":"publish","type":"post","link":"https:\/\/www.komornik.pl\/?p=2077","title":{"rendered":"Powo\u0142ano Rad\u0119 Programow\u0105 KRP z obszaru zarz\u0105dzania wierzytelno\u015bciami"},"content":{"rendered":"<h2 class=\"contentheading\"><span id=\"\"><\/span><\/h2>\n<div class=\"gkArticleContent\">\n<p>Ocena najistotniejszych przepis\u00f3w, reguluj\u0105cych funkcjonowanie rynku wierzytelno\u015bci i postulaty zmian w kierunku rozwi\u0105za\u0144, racjonalizuj\u0105cych i u\u0142atwiaj\u0105cych obr\u00f3t wierzytelno\u015bciami stan\u0105 si\u0119 przedmiotem debaty praktyk\u00f3w gospodarczych oraz organizacji samorz\u0105dowych podczas Kongresu Regulacji Prawnych z Obszaru Zarz\u0105dzania Wierzytelno\u015bciami. Wy\u0142oniono Rad\u0119 Programow\u0105 wydarzenia, kt\u00f3re po raz trzeci zorganizuje Konferencja Przedsi\u0119biorstw Finansowych.<br \/>\n<!--more--><\/p>\n<p>Aktualna sytuacja na rynku wierzytelno\u015bci jest sama w sobie merytoryczn\u0105 motywacj\u0105 do organizacji Kongresu i zastosowanej formu\u0142y debaty, w kt\u00f3rej uczestnicz\u0105 profesjonalni uczestnicy tego rynku ze wszystkich sektor\u00f3w. Jest ona zbli\u017cona do okr\u0105g\u0142ego sto\u0142u interesariuszy tego rynku. &#8211; <em>Dla praktyk\u00f3w, ekpert\u00f3w &#8211; profesjonalist\u00f3w rynku zarz\u0105dzania wierzytelno\u015bciami, ten Kongres jest prawdopodobnie jedynym miejscem, w kt\u00f3rym mog\u0105 one nawi\u0105za\u0107 dialog i okre\u015bli\u0107 wsp\u00f3lne stanowisko dla najwa\u017cniejszych rozwi\u0105za\u0144 prawnych<\/em> \u2013 zauwa\u017ca <strong>Marcin Nakielski<\/strong> z Alektum Inkasso.<\/p>\n<p>Wierzyciele wszystkich sektor\u00f3w gospodarki, a w szczeg\u00f3lno\u015bci bankowego, s\u0105 w przededniu podejmowania bardzo wa\u017cnych decyzji o sprzeda\u017cy b\u0105d\u017a samodzielnym windykowaniu nale\u017cno\u015bci, kt\u00f3rych w portfelach, po okresie spowolnienia gospodarczego, znajduj\u0105 si\u0119 wzgl\u0119dnie du\u017ce salda. &#8211; <em>Odczuwalna poprawa sytuacji gospodarczej mo\u017ce zach\u0119ca\u0107 zar\u00f3wno wierzycieli jak i inwestor\u00f3w, podobnie jak to si\u0119 dzieje w ca\u0142ej Europie, do zwi\u0119kszania liczby transakcji na sprzeda\u017c portfeli wierzytelno\u015bci<\/em>. <em>Pozytywne zmiany w otoczeniu gospodarczym mog\u0105 u\u0142atwi\u0107 wierzycielom uzyskiwanie nieco lepszych cen, a inwestorom pozwoli\u0107 na wi\u0119kszy odzysk z prowadzonej dzia\u0142alno\u015bci windykacyjnej \u2013 <\/em>ocenia <strong>Andrzej Roter<\/strong>, Dyrektor Generalny KPF. Jednocze\u015bnie, przepisy odnosz\u0105ce si\u0119 do wymog\u00f3w kapita\u0142owych i konieczno\u015b\u0107 poszukiwania, uzupe\u0142niania \u017ar\u00f3de\u0142 finansowania nowej akcji\u00a0 kredytowej, czy ekspansji i zwi\u0119kszania udzia\u0142u w rynku mo\u017ce sk\u0142ania\u0107 wierzycieli do zwi\u0119kszenia zainteresowania wsp\u00f3\u0142prac\u0105 z sektorem komplementarnych us\u0142ug \u2013 firmami profesjonalnie zarz\u0105dzaj\u0105cymi wierzytelno\u015bciami.<\/p>\n<p>To jest szersze t\u0142o pracy dla powo\u0142anej przez KPF Rady Programowej, kt\u00f3ra zbuduje szczeg\u00f3\u0142owy program merytoryczny Kongresu. W jej sk\u0142adzie znale\u017ali si\u0119 zar\u00f3wno znakomici eksperci z sektora bankowego, zarz\u0105dzania wierzytelno\u015bciami, jak i \u015brodowiska komornik\u00f3w.<\/p>\n<p>&nbsp;<\/p>\n<p>Jerzy Ba\u0144ka, Zwi\u0105zek Bank\u00f3w Polskich<\/p>\n<p><strong>Rafa\u0142 Fronczek, Krajowa Rada Komornicza<\/strong><\/p>\n<p>Joanna Syzd\u00f3\u0142, EOS &amp; M. Wito\u0144 Kancelaria Prawna sp.k.<\/p>\n<p>Urszula Rybszleger, Best S.A.<\/p>\n<p>Marcin Nakielski, Alektum Inkasso Sp. z o.o.<\/p>\n<p>Sebastian Sta\u0144ko, Prawna RAVEN Krupa &amp; Sta\u0144ko sp. k.<\/p>\n<p>Olga Krzeska, Ultimo S.A.<\/p>\n<p>Marcin Czugan, Konferencja Przedsi\u0119biorstw Finansowych<\/p>\n<p>&nbsp;<\/p>\n<p>Konferencja Przedsi\u0119biorstw Finansowych w Polsce jako organizacja samorz\u0105dowa pracodawc\u00f3w, skupia siedem sektor\u00f3w rynku us\u0142ug finansowych ze wsp\u00f3lnymi podmiotowym mianownikiem jakim jest kredyt, reprezentuj\u0105c zar\u00f3wno wierzycieli pierwotnych (banki, firmy ubezpieczeniowe, po\u017cyczkowe) jak i najwi\u0119kszych w Polsce wierzycieli wt\u00f3rnych. Aktywnie uczestniczy we wszystkich wa\u017cnych dla tych bran\u017c inicjatywach legislacyjnych zar\u00f3wno polskich, jak i europejskich, kt\u00f3re oddzia\u0142ywuj\u0105 na otoczenie prawne, w jakim dzia\u0142alno\u015b\u0107 gospodarcz\u0105 prowadz\u0105 wierzyciele.<\/p>\n<p>Rada Programowa Kongresu Regulacji Prawnych z Obszaru Zarz\u0105dzania Wierzytelno\u015bciami zakre\u015bli\u0142a tematyk\u0119 zagadnie\u0144, na kt\u00f3rych skoncentruje si\u0119 uwaga uczestnik\u00f3w wydarzenia.<\/p>\n<p>&#8211; <em>Istotnym tematem b\u0119dzie\u00a0 kwestia ochrony danych osobowych w ramach projektu Rozporz\u0105dzenia UE. Komisja Europejska zaproponowa\u0142a przeprowadzenie gruntownego przegl\u0105du norm prawnych UE dotycz\u0105cych tego obszaru po to, by poprawi\u0107 przejrzysto\u015b\u0107 i sp\u00f3jno\u015b\u0107 przepis\u00f3w UE. Propozycja Komisji ma na celu wzmocnienie praw jednostki i wyj\u015bcie naprzeciw wyzwaniom zwi\u0105zanym z rynkiem globalnym. Z tego punktu widzenia Kongres pozwoli spojrze\u0107 na proponowane zmiany w tym zakresie z perspektywy wierzycieli pierwotnych i wt\u00f3rnych<\/em> \u2013 komentuje <strong>Joanna Syzd\u00f3\u0142<\/strong> z EOS&amp;M. Wito\u0144 Kancelaria Prawna<\/p>\n<p>Rosn\u0105cy rynek obrotu wierzytelno\u015bciami hipotecznymi i fakt, \u017ce stanowi\u0105 one znacz\u0105c\u0105 cz\u0119\u015b\u0107 portfeli wielu inwestor\u00f3w powoduje, \u017ce sytuacja dojrza\u0142a do podzielenia si\u0119 spostrze\u017ceniami na temat obowi\u0105zuj\u0105cych w tym zakresie regulacji prawnych, a by\u0107 mo\u017ce \u2013 r\u00f3wnie\u017c zg\u0142oszenia postulat\u00f3w zmian.<\/p>\n<p>&#8211; <em>Obr\u00f3t wierzytelno\u015bciami instytucji finansowych, zw\u0142aszcza w odniesieniu do wierzytelno\u015bci hipotecznych, wymaga spe\u0142nienia najwy\u017cszych standard\u00f3w etycznych i wypracowania najlepszych dobrych praktyk neutralizuj\u0105cych, dla konsument\u00f3w, skutki zmiany wierzyciela Przeniesienie wierzytelno\u015bci banku na inny podmiot jest przez wielu komentator\u00f3w uznawane za znacz\u0105ce pogorszenie standardu obs\u0142ugi tej wierzytelno\u015bci i dlatego\u00a0 trzeba aktywnie kszta\u0142towa\u0107 ramy prawne i etyczne rynku wierzytelno\u015bci , aby skutecznie zapobiega\u0107 takiemu postrzeganiu, tego wa\u017cnego segmentu rynku us\u0142ug finansowych. Jednocze\u015bnie, nale\u017cy stale\u00a0 przeciwdzia\u0142a\u0107 niekorzystnej asymetrii praw wierzycieli i os\u0142abiania pozycji komornik\u00f3w s\u0105dowych<\/em> \u2013 uwa\u017ca <strong>Jerzy Ba\u0144ka<\/strong>, Wiceprezes Zarz\u0105du Zwi\u0105zku Bank\u00f3w Polskich.<\/p>\n<p>Rekomendacje, maj\u0105ce za zadanie usprawnienie w procesie dochodzenia nale\u017cno\u015bci, wypracowuje od kilku miesi\u0119cy Zesp\u00f3\u0142 ds. wsparcia informatyzacji wymiaru sprawiedliwo\u015bci, z\u0142o\u017cony z przedstawicieli KPF\u00a0 Krajowej Rady Komorniczej. O pomys\u0142ach na ich wdro\u017cenie b\u0119dzie mowa tak\u017ce podczas kongresu.<\/p>\n<p><em>&#8211; Rynek zarz\u0105dzania wierzytelno\u015bciami jest ju\u017c rynkiem dojrza\u0142ym. Tak\u017ce dzi\u0119ki wysokiej jako\u015bci regulacjom, w obr\u0119bie kt\u00f3rych funkcjonuje. W\u0142a\u015bnie inspirowanie do tworzenia dobrej legislacji w tym obszarze, a tak\u017ce \u2013 co istotne \u2013 ch\u0119\u0107 inicjowania niekt\u00f3rych rozwi\u0105za\u0144 legislacyjnych leg\u0142y u podstaw organizacji kongresu przez KPF \u2013<\/em> m\u00f3wi Mecenas <strong>Marcin Czugan<\/strong>, Dyrektor Departamentu Prawno \u2013 Legislacyjnego KPF.<\/p>\n<p>&#8211; <em>Kongres to bez w\u0105tpienia\u00a0doskona\u0142a\u00a0platforma wymiany pogl\u0105d\u00f3w i do\u015bwiadcze\u0144 w obszarze zarz\u0105dzania wierzytelno\u015bciami. W ostatnim czasie mamy do czynienia z istotnymi zmianami regulacji prawnych w obszarze egzekucji s\u0105dowej, w\u015br\u00f3d kt\u00f3rych znalaz\u0142y si\u0119 r\u00f3wnie\u017c propozycje rekomendowane dzi\u0119ki takiej wsp\u00f3\u0142pracy<\/em> \u2013 dodaje <strong>Rafa\u0142 Fronczek<\/strong>, Prezes Krajowej Rady Komorniczej.<\/p>\n<p>Trzecia edycja Kongresu Regulacji Prawnych z Obszaru Zarz\u0105dzania Wierzytelno\u015bciami odb\u0119dzie si\u0119 21 kwietnia. Dotychczasowe zgromadzi\u0142y blisko czterystu praktyk\u00f3w biznesowych, przedstawicieli samorz\u0105d\u00f3w finansowych i \u015brodowisk komorniczych oraz decydent\u00f3w.<\/p>\n<div>\n<p><strong>\u0179r\u00f3d\u0142o: KPF\u00a0<\/strong><\/p>\n<\/div>\n<\/div>\n","protected":false},"excerpt":{"rendered":"<p>Ocena najistotniejszych przepis\u00f3w, reguluj\u0105cych funkcjonowanie rynku wierzytelno\u015bci i postulaty zmian w kierunku rozwi\u0105za\u0144, racjonalizuj\u0105cych i u\u0142atwiaj\u0105cych obr\u00f3t wierzytelno\u015bciami stan\u0105 si\u0119 przedmiotem debaty praktyk\u00f3w gospodarczych&#8230;<\/p>\n","protected":false},"author":23,"featured_media":0,"comment_status":"closed","ping_status":"open","sticky":false,"template":"","format":"standard","meta":{"_acf_changed":false,"footnotes":""},"categories":[4],"tags":[],"class_list":["post-2077","post","type-post","status-publish","format-standard","hentry","category-z-krk"],"acf":[],"_links":{"self":[{"href":"https:\/\/www.komornik.pl\/index.php?rest_route=\/wp\/v2\/posts\/2077","targetHints":{"allow":["GET"]}}],"collection":[{"href":"https:\/\/www.komornik.pl\/index.php?rest_route=\/wp\/v2\/posts"}],"about":[{"href":"https:\/\/www.komornik.pl\/index.php?rest_route=\/wp\/v2\/types\/post"}],"author":[{"embeddable":true,"href":"https:\/\/www.komornik.pl\/index.php?rest_route=\/wp\/v2\/users\/23"}],"replies":[{"embeddable":true,"href":"https:\/\/www.komornik.pl\/index.php?rest_route=%2Fwp%2Fv2%2Fcomments&post=2077"}],"version-history":[{"count":0,"href":"https:\/\/www.komornik.pl\/index.php?rest_route=\/wp\/v2\/posts\/2077\/revisions"}],"wp:attachment":[{"href":"https:\/\/www.komornik.pl\/index.php?rest_route=%2Fwp%2Fv2%2Fmedia&parent=2077"}],"wp:term":[{"taxonomy":"category","embeddable":true,"href":"https:\/\/www.komornik.pl\/index.php?rest_route=%2Fwp%2Fv2%2Fcategories&post=2077"},{"taxonomy":"post_tag","embeddable":true,"href":"https:\/\/www.komornik.pl\/index.php?rest_route=%2Fwp%2Fv2%2Ftags&post=2077"}],"curies":[{"name":"wp","href":"https:\/\/api.w.org\/{rel}","templated":true}]}}