{"id":13829,"date":"2023-04-03T09:59:21","date_gmt":"2023-04-03T07:59:21","guid":{"rendered":"http:\/\/www.komornik.pl\/?p=13829"},"modified":"2023-04-05T14:33:13","modified_gmt":"2023-04-05T12:33:13","slug":"konferencja-pt-efektywnosc-egzekucji-sadowej-w-swietle-kolejnej-zmiany-kodeksu-postepowania-cywilnego-wprowadzonej-ustawa-z-9-marca-2023-r","status":"publish","type":"post","link":"https:\/\/www.komornik.pl\/?p=13829","title":{"rendered":"Konferencja pt.: \u201eEfektywno\u015b\u0107 egzekucji s\u0105dowej w \u015bwietle kolejnej zmiany Kodeksu post\u0119powania cywilnego wprowadzonej ustaw\u0105 z 9 marca 2023 r. \u201d"},"content":{"rendered":"<p>Krajowa Rada Komornicza uprzejmie informuje, i\u017c dniu 08 maja 2023 r. w Katowicach odb\u0119dzie si\u0119 Konferencja pt.: \u201eEfektywno\u015b\u0107 egzekucji s\u0105dowej w \u015bwietle kolejnej zmiany Kodeksu post\u0119powania cywilnego wprowadzonej ustaw\u0105 z 9 marca 2023 r. \u201d<\/p>\n<p>&nbsp;<\/p>\n<p>Poni\u017cej przedstawiamy szczeg\u00f3\u0142owy program Konferencji:<\/p>\n<p>&nbsp;<\/p>\n<p><strong>9.30-9.45 &#8211; Przywitanie uczestnik\u00f3w i otwarcie Konferencji przez Organizator\u00f3w<\/strong>.<\/p>\n<p>Przewodnicz\u0105cy Rady Izby Komorniczej w Katowicach \u2013 kom. Przemys\u0142aw Nowi\u0144ski<\/p>\n<p>Dziekan Wydzia\u0142u Prawa i Administracji U\u015a \u2013 prof. U\u015a dr hab. Witold Kurowski<\/p>\n<p>Prezes Oddzia\u0142u \u015al\u0105skiego SSP Iustitia \u2013 dr hab. prof. U\u015a Krystian Markiewicz<\/p>\n<p>&nbsp;<\/p>\n<p><strong>9.45- 11.00 &#8211; Odmowa\u00a0 prowadzenia egzekucji<\/strong><strong>:<\/strong><\/p>\n<p>Moderator \u2013 prof. dr hab. Andrzej Marciniak \u2013 Uniwersytet \u0141\u00f3dzki<\/p>\n<p>Okoliczno\u015bci wymienione w art. 199 \u00a7 1 k.p.c. i inne przyczyny niedopuszczalno\u015bci \u2013SSO <strong>dr hab. prof. U\u015a Krystian Markiewicz -Uniwersytet \u015al\u0105ski, SSP Iustitia<\/strong><\/p>\n<p>Przedawnienie dochodzonego roszczenia i brak dokumentu jako podstawy\u00a0 odmowy\u00a0 \u2013 <strong>dr hab. prof. U\u015a Andrzej Torbus &#8211; Uniwersytet \u015al\u0105ski<\/strong><\/p>\n<p>Zb\u0119dno\u015b\u0107 czynno\u015bci\u00a0 dla egzekucji i szykana d\u0142u\u017cnika \u2013<strong>adw. dr hab. Andrzej Ola\u015b \u2013 Uniwersytet Jagiello\u0144ski<\/strong><\/p>\n<p>&nbsp;<\/p>\n<p>11.00 \u2013 11.15 \u2013 Przerwa kawowa<\/p>\n<p><strong>\u00a0<\/strong><\/p>\n<p><strong>11.15 \u2013 12.45 &#8211; Ochrona interesu wierzyciela<\/strong><\/p>\n<p>Moderator &#8211; dr hab. prof. U\u015a Krystian Markiewicz &#8211; Uniwersytet \u015al\u0105ski<\/p>\n<p>Kurator z urz\u0119du\u00a0 jako\u00a0 reprezentant d\u0142u\u017cnika \u2013 <strong>dr hab. Marcin Dziurda -Uniwersytet Warszawski. <\/strong><\/p>\n<p>Licytacja elektroniczna nieruchomo\u015bci <strong>\u2013Rafa\u0142 Fronczek, komornik s\u0105dowy<\/strong><\/p>\n<p>\u015arodki zaskar\u017cenia w egzekucji \u2013<strong>s\u0119dzia NSA dr hab. prof. AEH Arkadiusz Cudak -Akademia Ekonomiczno-Humanistyczna\u00a0 w Warszawie<\/strong><\/p>\n<p>Zawieszenie\u00a0 post\u0119powania\u00a0 na\u00a0 wniosek wierzyciela i po zbyciu\u00a0 prawa \u2013 SSR <strong>Tomasz Zawi\u015blak \u2013 SSP \u201eIustitia\u201d\u00a0 Oddzia\u0142 Wroc\u0142aw<\/strong>.<\/p>\n<p><strong>\u00a0<\/strong><\/p>\n<p><strong>12.45- 13.30 \u2013 lunch<\/strong><\/p>\n<p><strong>\u00a0<\/strong><\/p>\n<p><strong>13.30 \u2013 15.00 &#8211; Zabezpieczenie praw d\u0142u\u017cnika<\/strong><strong> i skuteczno\u015b\u0107 dokonywanych czynno\u015bci<\/strong><\/p>\n<p>Moderator &#8211; dr hab. prof. U\u015a Andrzej Torbus- Uniwersytet \u015al\u0105ski<\/p>\n<p>&nbsp;<\/p>\n<p>Wy\u0142\u0105czenie\u00a0 dor\u0119czenia pism w trybie art. 139<sup>1 <\/sup>KPC \u2013 <strong>SSR dr Ireneusz Wolwiak<\/strong> &#8211;<strong> Uniwersytet \u015al\u0105ski<\/strong><\/p>\n<p>Podstawy oszacowania\u00a0 nieruchomo\u015bci \u2013 <strong>prof. AK dr J\u00f3zef Kola\u0144ski \u2013 komornik s\u0105dowy -Akademia Kaliska<\/strong><\/p>\n<p>Zaspokojenie wierzytelno\u015bci w\u00a0 post\u0119powaniu o podzia\u0142 sumy uzyskanej z egzekucji<strong>\u2013 dr Anna Czarny<\/strong> <strong>Uniwersytet \u015al\u0105ski<\/strong><\/p>\n<p>Funkcjonowanie rozwi\u0105za\u0144 szczeg\u00f3lnych\u00a0 wobec\u00a0 wprowadzonych zmian \u2013 <strong>dr Rafa\u0142 \u0141yszczek\u2013 komornik s\u0105dowy<\/strong><\/p>\n<p>&nbsp;<\/p>\n<p>15.00 \u2013 15. 15. Zamkni\u0119cie konferencji.<\/p>\n<p>&nbsp;<\/p>\n<p>Link do rejestracji b\u0119dzie dost\u0119pny na dwa tygodnie przed Konferencj\u0105.<\/p>\n<p>&nbsp;<\/p>\n","protected":false},"excerpt":{"rendered":"<p>Krajowa Rada Komornicza uprzejmie informuje, i\u017c dniu 08 maja 2023 r. w Katowicach odb\u0119dzie si\u0119 Konferencja pt.: \u201eEfektywno\u015b\u0107 egzekucji s\u0105dowej w \u015bwietle kolejnej zmiany&#8230;<\/p>\n","protected":false},"author":23,"featured_media":0,"comment_status":"closed","ping_status":"closed","sticky":false,"template":"","format":"standard","meta":{"_acf_changed":false,"footnotes":""},"categories":[3],"tags":[],"class_list":["post-13829","post","type-post","status-publish","format-standard","hentry","category-aktualnosci"],"acf":[],"_links":{"self":[{"href":"https:\/\/www.komornik.pl\/index.php?rest_route=\/wp\/v2\/posts\/13829","targetHints":{"allow":["GET"]}}],"collection":[{"href":"https:\/\/www.komornik.pl\/index.php?rest_route=\/wp\/v2\/posts"}],"about":[{"href":"https:\/\/www.komornik.pl\/index.php?rest_route=\/wp\/v2\/types\/post"}],"author":[{"embeddable":true,"href":"https:\/\/www.komornik.pl\/index.php?rest_route=\/wp\/v2\/users\/23"}],"replies":[{"embeddable":true,"href":"https:\/\/www.komornik.pl\/index.php?rest_route=%2Fwp%2Fv2%2Fcomments&post=13829"}],"version-history":[{"count":0,"href":"https:\/\/www.komornik.pl\/index.php?rest_route=\/wp\/v2\/posts\/13829\/revisions"}],"wp:attachment":[{"href":"https:\/\/www.komornik.pl\/index.php?rest_route=%2Fwp%2Fv2%2Fmedia&parent=13829"}],"wp:term":[{"taxonomy":"category","embeddable":true,"href":"https:\/\/www.komornik.pl\/index.php?rest_route=%2Fwp%2Fv2%2Fcategories&post=13829"},{"taxonomy":"post_tag","embeddable":true,"href":"https:\/\/www.komornik.pl\/index.php?rest_route=%2Fwp%2Fv2%2Ftags&post=13829"}],"curies":[{"name":"wp","href":"https:\/\/api.w.org\/{rel}","templated":true}]}}